{"id":26,"date":"2025-08-13T15:41:32","date_gmt":"2025-08-13T15:41:32","guid":{"rendered":"https:\/\/marketseat.info\/?p=26"},"modified":"2025-07-16T15:45:33","modified_gmt":"2025-07-16T15:45:33","slug":"floral-medicamento-a-terapia-natural-que-equilibra-emocoes-e-promove-bem-estar","status":"publish","type":"post","link":"https:\/\/marketseat.info\/?p=26","title":{"rendered":"Floral Medicamento: A Terapia Natural Que Equilibra Emo\u00e7\u00f5es e Promove Bem-Estar"},"content":{"rendered":"\n<p>Em um mundo marcado pelo estresse e pela correria do dia a dia, buscar solu\u00e7\u00f5es naturais para cuidar da sa\u00fade emocional e mental nunca foi t\u00e3o importante. Entre as op\u00e7\u00f5es mais tradicionais e ao mesmo tempo atuais est\u00e1 o <a href=\"https:\/\/www.biofase.com.br\/o-que-sao-medicamentos-florais\" target=\"_blank\" rel=\"noopener\"><strong>floral medicamento<\/strong><\/a>, um tratamento complementar que trabalha de forma sutil para equilibrar emo\u00e7\u00f5es e promover bem-estar.<\/p>\n\n\n\n<p>Com origem na Inglaterra do s\u00e9culo XX, os florais ganharam o mundo como parte de uma medicina integrativa que respeita a individualidade. No Brasil, tornaram-se extremamente populares, muitas vezes manipulados de forma personalizada para atender \u00e0s necessidades de cada pessoa.<\/p>\n\n\n\n<hr class=\"wp-block-separator has-alpha-channel-opacity\"\/>\n\n\n\n<h2 class=\"wp-block-heading\"><strong>O Que \u00e9 um Floral Medicamento?<\/strong><\/h2>\n\n\n\n<p>O <strong>floral medicamento<\/strong> \u00e9 uma solu\u00e7\u00e3o l\u00edquida preparada a partir de extratos dilu\u00eddos de flores espec\u00edficas, selecionadas por suas propriedades energ\u00e9ticas e vibracionais. Ao contr\u00e1rio dos fitoter\u00e1picos, que atuam quimicamente, os florais trabalham no campo emocional, buscando harmonizar sentimentos e pensamentos que causam desconforto ou adoecimento.<\/p>\n\n\n\n<p>Segundo a<a href=\"https:\/\/pt.wikipedia.org\/wiki\/Florais_de_Bach\" target=\"_blank\" rel=\"noopener\"> Wikipedia<\/a>, a ideia \u00e9 restaurar o equil\u00edbrio emocional, permitindo que o corpo recupere sua capacidade natural de autocura.<\/p>\n\n\n\n<p>Ao escolher um<a href=\"https:\/\/www.biofase.com.br\/o-que-sao-medicamentos-florais\" target=\"_blank\" rel=\"noopener\"> <strong>floral medicamento<\/strong><\/a>, o paciente recebe uma f\u00f3rmula desenvolvida para o seu perfil, tratando estados como ansiedade, medo, raiva, tristeza ou inseguran\u00e7a.<\/p>\n\n\n\n<hr class=\"wp-block-separator has-alpha-channel-opacity\"\/>\n\n\n\n<h2 class=\"wp-block-heading\"><strong>Como Surgiram os Florais<\/strong><\/h2>\n\n\n\n<p>O criador dessa terapia foi o m\u00e9dico brit\u00e2nico Edward Bach. Na d\u00e9cada de 1930, ele identificou 38 ess\u00eancias florais correspondentes a diferentes estados emocionais. Para Bach, doen\u00e7as f\u00edsicas eram consequ\u00eancia de desequil\u00edbrios na mente e nas emo\u00e7\u00f5es.<\/p>\n\n\n\n<p>A proposta do <strong>floral medicamento<\/strong> era simples, por\u00e9m revolucion\u00e1ria: tratar o emocional para prevenir ou auxiliar na cura de doen\u00e7as f\u00edsicas. Hoje, a terapia floral se expandiu, com sistemas modernos que incluem plantas de diversas regi\u00f5es do mundo.<\/p>\n\n\n\n<hr class=\"wp-block-separator has-alpha-channel-opacity\"\/>\n\n\n\n<h2 class=\"wp-block-heading\"><strong>Para Que Serve o Floral Medicamento?<\/strong><\/h2>\n\n\n\n<p>O <strong>floral medicamento<\/strong> \u00e9 usado como terapia complementar para:<\/p>\n\n\n\n<ul class=\"wp-block-list\">\n<li>Reduzir estresse e ansiedade.<br><\/li>\n\n\n\n<li>Aliviar medos e inseguran\u00e7as.<br><\/li>\n\n\n\n<li>Melhorar o sono.<br><\/li>\n\n\n\n<li>Controlar irritabilidade ou impaci\u00eancia.<br><\/li>\n\n\n\n<li>Fortalecer autoestima.<br><\/li>\n\n\n\n<li>Apoiar per\u00edodos de luto, mudan\u00e7as ou traumas.<br><\/li>\n<\/ul>\n\n\n\n<p>Diferente de medicamentos tradicionais, o<a href=\"https:\/\/www.biofase.com.br\/o-que-sao-medicamentos-florais\" target=\"_blank\" rel=\"noopener\"> <strong>floral medicamento<\/strong><\/a> n\u00e3o age suprimindo sintomas, mas estimulando o equil\u00edbrio interior. \u00c9 por isso que muitos psic\u00f3logos, terapeutas e m\u00e9dicos integrativos recomendam seu uso como parte de um plano de cuidado mais amplo.<\/p>\n\n\n\n<hr class=\"wp-block-separator has-alpha-channel-opacity\"\/>\n\n\n\n<h2 class=\"wp-block-heading\"><strong>Como o Floral Medicamento \u00c9 Preparado?<\/strong><\/h2>\n\n\n\n<p>Em uma farm\u00e1cia de manipula\u00e7\u00e3o, como a<a href=\"https:\/\/www.biofase.com.br\/\" target=\"_blank\" rel=\"noopener\"> Biofase<\/a>, o <a href=\"https:\/\/www.biofase.com.br\/o-que-sao-medicamentos-florais\" target=\"_blank\" rel=\"noopener\"><strong>floral medicamento<\/strong><\/a> \u00e9 feito a partir das ess\u00eancias florais selecionadas para o paciente. A prepara\u00e7\u00e3o envolve dilui\u00e7\u00e3o em solu\u00e7\u00e3o hidroalco\u00f3lica (ou glicerina para f\u00f3rmulas infantis) em propor\u00e7\u00f5es seguras e padronizadas.<\/p>\n\n\n\n<p>A prescri\u00e7\u00e3o pode ser totalmente personalizada:<\/p>\n\n\n\n<ul class=\"wp-block-list\">\n<li>Uma \u00fanica ess\u00eancia para foco espec\u00edfico.<br><\/li>\n\n\n\n<li>Combina\u00e7\u00e3o de v\u00e1rias ess\u00eancias para tratar diferentes aspectos emocionais.<br><\/li>\n\n\n\n<li>F\u00f3rmulas ajustadas para crian\u00e7as, adultos ou idosos.<br><\/li>\n<\/ul>\n\n\n\n<p>O atendimento personalizado permite um tratamento muito mais direcionado, aumentando as chances de resultados positivos.<\/p>\n\n\n\n<hr class=\"wp-block-separator has-alpha-channel-opacity\"\/>\n\n\n\n<h2 class=\"wp-block-heading\"><strong>Benef\u00edcios do Floral Medicamento<\/strong><\/h2>\n\n\n\n<p>Entre os principais benef\u00edcios do <strong>floral medicamento<\/strong> est\u00e3o:<\/p>\n\n\n\n<ul class=\"wp-block-list\">\n<li>N\u00e3o possui contraindica\u00e7\u00f5es graves ou efeitos colaterais relevantes.<br><\/li>\n\n\n\n<li>Pode ser usado por todas as idades, inclusive gestantes (com orienta\u00e7\u00e3o).<br><\/li>\n\n\n\n<li>Atua de forma suave, respeitando o ritmo do paciente.<br><\/li>\n\n\n\n<li>Complementa outras abordagens terap\u00eauticas sem intera\u00e7\u00e3o medicamentosa.<br><\/li>\n\n\n\n<li>Ajuda a fortalecer o autoconhecimento emocional.<br><\/li>\n<\/ul>\n\n\n\n<p>Por essas raz\u00f5es, quem procura um cuidado natural costuma investir em<a href=\"https:\/\/www.biofase.com.br\/o-que-sao-medicamentos-florais\" target=\"_blank\" rel=\"noopener\"> <strong>floral medicamento<\/strong><\/a> como parte de uma rotina de autocuidado mais consciente.<\/p>\n\n\n\n<hr class=\"wp-block-separator has-alpha-channel-opacity\"\/>\n\n\n\n<h2 class=\"wp-block-heading\"><strong>Uso Seguro e Acompanhamento Profissional<\/strong><\/h2>\n\n\n\n<p>Embora o <strong>floral medicamento<\/strong> seja seguro, \u00e9 fundamental us\u00e1-lo com orienta\u00e7\u00e3o profissional. Um terapeuta floral, psic\u00f3logo ou farmac\u00eautico habilitado ajuda a identificar quais ess\u00eancias s\u00e3o mais adequadas para o momento de vida do paciente.<\/p>\n\n\n\n<p>O risco de automedica\u00e7\u00e3o emocional \u00e9 real: sem autoconhecimento ou avalia\u00e7\u00e3o profissional, a escolha de ess\u00eancias inadequadas pode n\u00e3o oferecer resultados ou at\u00e9 refor\u00e7ar estados indesejados.<\/p>\n\n\n\n<p>Na<a href=\"https:\/\/www.biofase.com.br\/\" target=\"_blank\" rel=\"noopener\"> Biofase<\/a>, o atendimento t\u00e9cnico especializado ajuda o paciente a entender melhor suas emo\u00e7\u00f5es e traduzir isso em f\u00f3rmulas mais eficazes.<\/p>\n\n\n\n<hr class=\"wp-block-separator has-alpha-channel-opacity\"\/>\n\n\n\n<h2 class=\"wp-block-heading\"><strong>Por Que Escolher uma Farm\u00e1cia de Manipula\u00e7\u00e3o?<\/strong><\/h2>\n\n\n\n<p>Optar por um <strong>floral medicamento<\/strong> manipulado garante benef\u00edcios importantes:<\/p>\n\n\n\n<ul class=\"wp-block-list\">\n<li>F\u00f3rmulas feitas sob medida.<br><\/li>\n\n\n\n<li>Controle rigoroso de qualidade das ess\u00eancias.<br><\/li>\n\n\n\n<li>Ajuste de dosagens conforme necessidade.<br><\/li>\n\n\n\n<li>Possibilidade de eliminar conservantes ou \u00e1lcoois em excesso.<br><\/li>\n<\/ul>\n\n\n\n<p>Em farm\u00e1cias como a Biofase, o paciente encontra suporte t\u00e9cnico para personalizar a f\u00f3rmula, escolher a base (hidroalco\u00f3lica ou glicerinada) e definir o modo de uso. Isso oferece seguran\u00e7a e confian\u00e7a em cada etapa do cuidado.<\/p>\n\n\n\n<hr class=\"wp-block-separator has-alpha-channel-opacity\"\/>\n\n\n\n<h2 class=\"wp-block-heading\"><strong>Resultados Esperados<\/strong><\/h2>\n\n\n\n<p>O <a href=\"https:\/\/www.biofase.com.br\/o-que-sao-medicamentos-florais\" target=\"_blank\" rel=\"noopener\"><strong>floral medicamento<\/strong><\/a> n\u00e3o \u00e9 um ansiol\u00edtico ou antidepressivo qu\u00edmico. Seus efeitos s\u00e3o sutis, por\u00e9m profundos, aparecendo com uso cont\u00ednuo e reflex\u00e3o pessoal.<\/p>\n\n\n\n<p>Entre os resultados mais relatados est\u00e3o:<\/p>\n\n\n\n<ul class=\"wp-block-list\">\n<li>Menor reatividade emocional.<br><\/li>\n\n\n\n<li>Sensa\u00e7\u00e3o de serenidade.<br><\/li>\n\n\n\n<li>Melhora no sono.<br><\/li>\n\n\n\n<li>Mais disposi\u00e7\u00e3o para enfrentar desafios.<br><\/li>\n\n\n\n<li>Equil\u00edbrio em momentos de transi\u00e7\u00e3o ou estresse.<br><\/li>\n<\/ul>\n\n\n\n<p>Para quem se pergunta se vale a pena investir em um<a href=\"https:\/\/www.biofase.com.br\/o-que-sao-medicamentos-florais\" target=\"_blank\" rel=\"noopener\"> <strong>floral medicamento<\/strong><\/a>, a resposta est\u00e1 em buscar mais equil\u00edbrio e consci\u00eancia sobre suas pr\u00f3prias emo\u00e7\u00f5es.<\/p>\n\n\n\n<hr class=\"wp-block-separator has-alpha-channel-opacity\"\/>\n\n\n\n<h2 class=\"wp-block-heading\"><strong>Uso Di\u00e1rio e Orienta\u00e7\u00e3o<\/strong><\/h2>\n\n\n\n<p>A forma de tomar o <strong>floral medicamento<\/strong> costuma ser simples: algumas gotas dilu\u00eddas em \u00e1gua ou diretamente na boca, v\u00e1rias vezes ao dia.<\/p>\n\n\n\n<p>A const\u00e2ncia \u00e9 essencial: o uso regular refor\u00e7a a a\u00e7\u00e3o energ\u00e9tica das ess\u00eancias, ajudando a promover o reequil\u00edbrio emocional.<\/p>\n\n\n\n<p>Muitas pessoas que come\u00e7am a usar um<a href=\"https:\/\/www.biofase.com.br\/o-que-sao-medicamentos-florais\" target=\"_blank\" rel=\"noopener\"> <strong>floral medicamento<\/strong><\/a> relatam uma mudan\u00e7a gradual na forma de reagir a situa\u00e7\u00f5es desafiadoras, criando um novo padr\u00e3o de comportamento mais calmo e seguro.<\/p>\n\n\n\n<hr class=\"wp-block-separator has-alpha-channel-opacity\"\/>\n\n\n\n<h2 class=\"wp-block-heading\"><strong>Fontes Confi\u00e1veis<\/strong><\/h2>\n\n\n\n<ul class=\"wp-block-list\">\n<li><a href=\"https:\/\/pt.wikipedia.org\/wiki\/Florais_de_Bach\" target=\"_blank\" rel=\"noopener\">Wikipedia \u2013 Florais de Bach<br><\/a><\/li>\n\n\n\n<li><a href=\"https:\/\/pubmed.ncbi.nlm.nih.gov\/\" target=\"_blank\" rel=\"noopener\">PubMed \u2013 Estudos sobre terapias complementares<br><\/a><\/li>\n\n\n\n<li><a href=\"https:\/\/www.sbfitoterapia.org.br\/\" target=\"_blank\" rel=\"noopener\">Sociedade Brasileira de Fitoterapia \u2013 Abordagens Integrativas<br><\/a><\/li>\n\n\n\n<li>Not\u00edcia sobre aumento da busca por terapias naturais no Brasil (G1)<br><\/li>\n<\/ul>\n\n\n\n<hr class=\"wp-block-separator has-alpha-channel-opacity\"\/>\n\n\n\n<h2 class=\"wp-block-heading\"><strong>Conclus\u00e3o<\/strong><\/h2>\n\n\n\n<p>O <strong>floral medicamento<\/strong> \u00e9 uma ferramenta poderosa para quem busca tratar o emocional com respeito, delicadeza e ci\u00eancia. Ele n\u00e3o substitui psicoterapia ou tratamentos m\u00e9dicos, mas oferece um caminho complementar para quem deseja viver com mais equil\u00edbrio.<\/p>\n\n\n\n<p>Na<a href=\"https:\/\/www.biofase.com.br\/\" target=\"_blank\" rel=\"noopener\"> Biofase<\/a>, \u00e9 poss\u00edvel encontrar o<a href=\"https:\/\/www.biofase.com.br\/o-que-sao-medicamentos-florais\" target=\"_blank\" rel=\"noopener\"> <strong>floral medicamento<\/strong><\/a> preparado com todo o cuidado, em f\u00f3rmulas \u00fanicas, seguras e ajustadas ao seu momento. Porque cuidar das emo\u00e7\u00f5es \u00e9 tamb\u00e9m uma forma essencial de cuidar da sa\u00fade como um todo.<\/p>\n","protected":false},"excerpt":{"rendered":"<p>Em um mundo marcado pelo estresse e pela correria do dia a dia, buscar solu\u00e7\u00f5es naturais para cuidar da sa\u00fade emocional e mental nunca foi t\u00e3o importante. Entre as op\u00e7\u00f5es mais tradicionais e ao mesmo tempo atuais est\u00e1 o floral medicamento, um tratamento complementar que trabalha de forma sutil para equilibrar emo\u00e7\u00f5es e promover bem-estar. [&hellip;]<\/p>\n","protected":false},"author":1,"featured_media":27,"comment_status":"open","ping_status":"open","sticky":false,"template":"","format":"standard","meta":{"footnotes":""},"categories":[2],"tags":[],"class_list":["post-26","post","type-post","status-publish","format-standard","has-post-thumbnail","hentry","category-news"],"_links":{"self":[{"href":"https:\/\/marketseat.info\/index.php?rest_route=\/wp\/v2\/posts\/26","targetHints":{"allow":["GET"]}}],"collection":[{"href":"https:\/\/marketseat.info\/index.php?rest_route=\/wp\/v2\/posts"}],"about":[{"href":"https:\/\/marketseat.info\/index.php?rest_route=\/wp\/v2\/types\/post"}],"author":[{"embeddable":true,"href":"https:\/\/marketseat.info\/index.php?rest_route=\/wp\/v2\/users\/1"}],"replies":[{"embeddable":true,"href":"https:\/\/marketseat.info\/index.php?rest_route=%2Fwp%2Fv2%2Fcomments&post=26"}],"version-history":[{"count":1,"href":"https:\/\/marketseat.info\/index.php?rest_route=\/wp\/v2\/posts\/26\/revisions"}],"predecessor-version":[{"id":28,"href":"https:\/\/marketseat.info\/index.php?rest_route=\/wp\/v2\/posts\/26\/revisions\/28"}],"wp:featuredmedia":[{"embeddable":true,"href":"https:\/\/marketseat.info\/index.php?rest_route=\/wp\/v2\/media\/27"}],"wp:attachment":[{"href":"https:\/\/marketseat.info\/index.php?rest_route=%2Fwp%2Fv2%2Fmedia&parent=26"}],"wp:term":[{"taxonomy":"category","embeddable":true,"href":"https:\/\/marketseat.info\/index.php?rest_route=%2Fwp%2Fv2%2Fcategories&post=26"},{"taxonomy":"post_tag","embeddable":true,"href":"https:\/\/marketseat.info\/index.php?rest_route=%2Fwp%2Fv2%2Ftags&post=26"}],"curies":[{"name":"wp","href":"https:\/\/api.w.org\/{rel}","templated":true}]}}